{"id":377,"date":"2024-07-01T01:32:44","date_gmt":"2024-06-30T23:32:44","guid":{"rendered":"https:\/\/www.locmarrakech.com\/tourisme\/?p=377"},"modified":"2026-02-15T21:53:17","modified_gmt":"2026-02-15T20:53:17","slug":"le-jardin-majorelle-une-oeuvre-dart-horticole-a-marrakech","status":"publish","type":"post","link":"https:\/\/www.locmarrakech.com\/tourisme\/le-jardin-majorelle-une-oeuvre-dart-horticole-a-marrakech.htm","title":{"rendered":"Le Jardin Majorelle : Une \u0152uvre d&rsquo;Art Horticole \u00e0 Marrakech"},"content":{"rendered":"<p>Loin de l&rsquo;agitation des souks et des ruelles exotiques de Marrakech, le Jardin Majorelle offre un cadre surprenant et rafra\u00eechissant. Situ\u00e9 dans le quartier de Gu\u00e9liz, \u00e0 proximit\u00e9 de la vibrante <a href=\"https:\/\/www.locmarrakech.com\/tourisme\/jamaa-el-fna.htm\">place Jemaa el-Fna<\/a>, ce jardin est un havre de paix et de sophistication. Des voyageurs du monde entier viennent admirer sa beaut\u00e9 et d\u00e9couvrir son histoire fascinante.<\/p>\n<div id=\"ez-toc-container\" class=\"ez-toc-v2_0_82_2 counter-hierarchy ez-toc-counter ez-toc-grey ez-toc-container-direction\">\n<div class=\"ez-toc-title-container\">\n<p class=\"ez-toc-title\" style=\"cursor:inherit\">Plan de l&#039;article<\/p>\n<span class=\"ez-toc-title-toggle\"><a href=\"#\" class=\"ez-toc-pull-right ez-toc-btn ez-toc-btn-xs ez-toc-btn-default ez-toc-toggle\" aria-label=\"Toggle Table of Content\"><span class=\"ez-toc-js-icon-con\"><span class=\"\"><span class=\"eztoc-hide\" style=\"display:none;\">Toggle<\/span><span class=\"ez-toc-icon-toggle-span\"><svg style=\"fill: #0a0a0a;color:#0a0a0a\" xmlns=\"http:\/\/www.w3.org\/2000\/svg\" class=\"list-377408\" width=\"20px\" height=\"20px\" viewBox=\"0 0 24 24\" fill=\"none\"><path d=\"M6 6H4v2h2V6zm14 0H8v2h12V6zM4 11h2v2H4v-2zm16 0H8v2h12v-2zM4 16h2v2H4v-2zm16 0H8v2h12v-2z\" fill=\"currentColor\"><\/path><\/svg><svg style=\"fill: #0a0a0a;color:#0a0a0a\" class=\"arrow-unsorted-368013\" xmlns=\"http:\/\/www.w3.org\/2000\/svg\" width=\"10px\" height=\"10px\" viewBox=\"0 0 24 24\" version=\"1.2\" baseProfile=\"tiny\"><path d=\"M18.2 9.3l-6.2-6.3-6.2 6.3c-.2.2-.3.4-.3.7s.1.5.3.7c.2.2.4.3.7.3h11c.3 0 .5-.1.7-.3.2-.2.3-.5.3-.7s-.1-.5-.3-.7zM5.8 14.7l6.2 6.3 6.2-6.3c.2-.2.3-.5.3-.7s-.1-.5-.3-.7c-.2-.2-.4-.3-.7-.3h-11c-.3 0-.5.1-.7.3-.2.2-.3.5-.3.7s.1.5.3.7z\"\/><\/svg><\/span><\/span><\/span><\/a><\/span><\/div>\n<nav><ul class='ez-toc-list ez-toc-list-level-1 ' ><li class='ez-toc-page-1 ez-toc-heading-level-2'><a class=\"ez-toc-link ez-toc-heading-1\" href=\"https:\/\/www.locmarrakech.com\/tourisme\/le-jardin-majorelle-une-oeuvre-dart-horticole-a-marrakech.htm\/#Un_Reve_dArtiste_LHistoire_du_Jardin_Majorelle\" >Un R\u00eave d&rsquo;Artiste : L&rsquo;Histoire du Jardin Majorelle<\/a><ul class='ez-toc-list-level-3' ><li class='ez-toc-heading-level-3'><a class=\"ez-toc-link ez-toc-heading-2\" href=\"https:\/\/www.locmarrakech.com\/tourisme\/le-jardin-majorelle-une-oeuvre-dart-horticole-a-marrakech.htm\/#La_Renaissance_du_Jardin_Yves_Saint_Laurent_et_Pierre_Berge\" >La Renaissance du Jardin : Yves Saint Laurent et Pierre Berg\u00e9<\/a><\/li><li class='ez-toc-page-1 ez-toc-heading-level-3'><a class=\"ez-toc-link ez-toc-heading-3\" href=\"https:\/\/www.locmarrakech.com\/tourisme\/le-jardin-majorelle-une-oeuvre-dart-horticole-a-marrakech.htm\/#Un_Havre_de_Paix_au_Coeur_de_Marrakech\" >Un Havre de Paix au C\u0153ur de Marrakech<\/a><\/li><\/ul><\/li><li class='ez-toc-page-1 ez-toc-heading-level-2'><a class=\"ez-toc-link ez-toc-heading-4\" href=\"https:\/\/www.locmarrakech.com\/tourisme\/le-jardin-majorelle-une-oeuvre-dart-horticole-a-marrakech.htm\/#Le_Musee_Berbere_et_le_Musee_Yves_Saint_Laurent\" >Le Mus\u00e9e Berb\u00e8re et le Mus\u00e9e Yves Saint Laurent<\/a><\/li><\/ul><\/nav><\/div>\n<h2><span class=\"ez-toc-section\" id=\"Un_Reve_dArtiste_LHistoire_du_Jardin_Majorelle\"><\/span><strong>Un R\u00eave d&rsquo;Artiste : L&rsquo;Histoire du Jardin Majorelle<\/strong><span class=\"ez-toc-section-end\"><\/span><\/h2>\n<p>L&rsquo;histoire du Jardin Majorelle d\u00e9bute en 1917 lorsque le peintre fran\u00e7ais Jacques Majorelle arrive \u00e0 Marrakech. Fascin\u00e9 par la ville, il y trouve une source d&rsquo;inspiration in\u00e9puisable. En 1924, Majorelle ach\u00e8te un terrain entour\u00e9 de palmiers et commence \u00e0 y cr\u00e9er son propre paradis. La villa Bou Saf Saf, de style hispano-mauresque, devient son atelier et sa r\u00e9sidence. En 1937, il peint le b\u00e2timent d&rsquo;un bleu cobalt \u00e9clatant, contrastant magnifiquement avec le jaune et l&rsquo;orange des murs, des pergolas et des fontaines. Ce jeu de couleurs intenses plonge les visiteurs dans une v\u00e9ritable \u0153uvre d&rsquo;art.<\/p>\n<p>Le jardin, avec ses chemins ombrag\u00e9s, ses ruisseaux, ses \u00e9tangs, et ses fleurs de lotus, est une v\u00e9ritable oasis de s\u00e9r\u00e9nit\u00e9. Majorelle, comme Monet avec son jardin de Giverny, a transform\u00e9 cet espace en une expression vivante de son art. Les esp\u00e8ces v\u00e9g\u00e9tales m\u00e9diterran\u00e9ennes et subtropicales se m\u00ealent pour cr\u00e9er un paysage luxuriant et s\u00e9duisant.<\/p>\n<div class=\"btn\" align=\"center\"><a style=\"display: block; text-decoration: none; color: #ffffff;\" href=\"https:\/\/www.locmarrakech.com\/villa-marrakech-maroc.htm\" target=\"_blank\" rel=\"noopener\">D\u00e9couvrez nos villas \u279d<\/a><\/div>\n<h3><span class=\"ez-toc-section\" id=\"La_Renaissance_du_Jardin_Yves_Saint_Laurent_et_Pierre_Berge\"><\/span><strong>La Renaissance du Jardin : Yves Saint Laurent et Pierre Berg\u00e9<\/strong><span class=\"ez-toc-section-end\"><\/span><\/h3>\n<p>En 1980, alors que le jardin est en d\u00e9clin, le couturier Yves Saint Laurent et son partenaire Pierre Berg\u00e9 l&rsquo;ach\u00e8tent pour le sauver de la ruine. Ils entreprennent une restauration minutieuse, ajoutant de nouvelles esp\u00e8ces v\u00e9g\u00e9tales et redonnant vie \u00e0 cet espace magique. La Villa Bou Saf Saf devient la Villa Oasis, r\u00e9sidence de Saint Laurent et Berg\u00e9 \u00e0 Marrakech. Le jardin reste ouvert au public, et l&rsquo;ancien atelier de Majorelle est transform\u00e9 en mus\u00e9e berb\u00e8re.<\/p>\n<p>Apr\u00e8s la mort d&rsquo;Yves Saint Laurent en 2008, ses cendres sont dispers\u00e9es dans le jardin, et une colonne romaine est \u00e9rig\u00e9e en son honneur. Aujourd&rsquo;hui, le jardin Majorelle est g\u00e9r\u00e9 par la Fondation Pierre Berg\u00e9-Yves Saint Laurent et accueille environ 700 000 visiteurs chaque ann\u00e9e.<\/p>\n<p><img loading=\"lazy\" decoding=\"async\" class=\"aligncenter size-full wp-image-379\" src=\"https:\/\/www.locmarrakech.com\/tourisme\/wp-content\/uploads\/2024\/07\/Le-Jardin-Majorelle-1.jpg\" alt=\"\" width=\"770\" height=\"462\" srcset=\"https:\/\/www.locmarrakech.com\/tourisme\/wp-content\/uploads\/2024\/07\/Le-Jardin-Majorelle-1.jpg 770w, https:\/\/www.locmarrakech.com\/tourisme\/wp-content\/uploads\/2024\/07\/Le-Jardin-Majorelle-1-300x180.jpg 300w, https:\/\/www.locmarrakech.com\/tourisme\/wp-content\/uploads\/2024\/07\/Le-Jardin-Majorelle-1-768x461.jpg 768w\" sizes=\"auto, (max-width: 770px) 100vw, 770px\" \/><\/p>\n<h3><span class=\"ez-toc-section\" id=\"Un_Havre_de_Paix_au_Coeur_de_Marrakech\"><\/span><strong>Un Havre de Paix au C\u0153ur de Marrakech<\/strong><span class=\"ez-toc-section-end\"><\/span><\/h3>\n<p>Le Jardin Majorelle est un lieu o\u00f9 l&rsquo;on peut se d\u00e9tendre et \u00e9chapper \u00e0 l&rsquo;effervescence de <a href=\"https:\/\/www.locmarrakech.com\/\">Marrakech<\/a>. L&rsquo;all\u00e9e centrale et les sentiers sinueux invitent \u00e0 la promenade, tandis que le chant des oiseaux et le murmure des fontaines cr\u00e9ent une atmosph\u00e8re de calme absolu. La v\u00e9g\u00e9tation luxuriante contraste avec l&rsquo;architecture bleue, offrant un spectacle visuel captivant.<\/p>\n<p><strong>Lire aussi<\/strong> : <a href=\"https:\/\/www.locmarrakech.com\/tourisme\/jardins-marrakech.htm\">Les plus beaux Jardins de Marrakech<\/a><\/p>\n<h2><span class=\"ez-toc-section\" id=\"Le_Musee_Berbere_et_le_Musee_Yves_Saint_Laurent\"><\/span><strong>Le Mus\u00e9e Berb\u00e8re et le Mus\u00e9e Yves Saint Laurent<\/strong><span class=\"ez-toc-section-end\"><\/span><\/h2>\n<p>Le jardin abrite \u00e9galement un mus\u00e9e berb\u00e8re, install\u00e9 dans l&rsquo;ancien atelier de Majorelle. Ce mus\u00e9e pr\u00e9sente une collection de pr\u00e8s de 600 pi\u00e8ces illustrant l&rsquo;extraordinaire cr\u00e9ativit\u00e9 des Berb\u00e8res, la plus ancienne ethnie d&rsquo;Afrique du Nord. \u00c0 proximit\u00e9, le mus\u00e9e Yves Saint Laurent, ouvert en 2017, expose des milliers de v\u00eatements et d&rsquo;accessoires de haute couture. Ce b\u00e2timent moderne et traditionnel rend hommage au c\u00e9l\u00e8bre couturier et \u00e0 son \u0153uvre.<\/p>\n<div id='gallery-1' class='gallery galleryid-377 gallery-columns-2 gallery-size-full'><figure class='gallery-item'>\n\t\t\t<div class='gallery-icon landscape'>\n\t\t\t\t<a href='https:\/\/www.locmarrakech.com\/tourisme\/wp-content\/uploads\/2024\/07\/Musee-Yves-Saint-Laurent.jpg' title=\"\" data-rl_title=\"\" class=\"rl-gallery-link\" data-rl_caption=\"\" data-rel=\"lightbox-gallery-1\"><img loading=\"lazy\" decoding=\"async\" width=\"770\" height=\"462\" src=\"https:\/\/www.locmarrakech.com\/tourisme\/wp-content\/uploads\/2024\/07\/Musee-Yves-Saint-Laurent.jpg\" class=\"attachment-full size-full\" alt=\"\" srcset=\"https:\/\/www.locmarrakech.com\/tourisme\/wp-content\/uploads\/2024\/07\/Musee-Yves-Saint-Laurent.jpg 770w, https:\/\/www.locmarrakech.com\/tourisme\/wp-content\/uploads\/2024\/07\/Musee-Yves-Saint-Laurent-300x180.jpg 300w, https:\/\/www.locmarrakech.com\/tourisme\/wp-content\/uploads\/2024\/07\/Musee-Yves-Saint-Laurent-768x461.jpg 768w\" sizes=\"auto, (max-width: 770px) 100vw, 770px\" \/><\/a>\n\t\t\t<\/div><\/figure><figure class='gallery-item'>\n\t\t\t<div class='gallery-icon landscape'>\n\t\t\t\t<a href='https:\/\/www.locmarrakech.com\/tourisme\/wp-content\/uploads\/2024\/07\/Le-Musee-Berbere.jpg' title=\"\" data-rl_title=\"\" class=\"rl-gallery-link\" data-rl_caption=\"\" data-rel=\"lightbox-gallery-1\"><img loading=\"lazy\" decoding=\"async\" width=\"770\" height=\"462\" src=\"https:\/\/www.locmarrakech.com\/tourisme\/wp-content\/uploads\/2024\/07\/Le-Musee-Berbere.jpg\" class=\"attachment-full size-full\" alt=\"\" srcset=\"https:\/\/www.locmarrakech.com\/tourisme\/wp-content\/uploads\/2024\/07\/Le-Musee-Berbere.jpg 770w, https:\/\/www.locmarrakech.com\/tourisme\/wp-content\/uploads\/2024\/07\/Le-Musee-Berbere-300x180.jpg 300w, https:\/\/www.locmarrakech.com\/tourisme\/wp-content\/uploads\/2024\/07\/Le-Musee-Berbere-768x461.jpg 768w\" sizes=\"auto, (max-width: 770px) 100vw, 770px\" \/><\/a>\n\t\t\t<\/div><\/figure>\n\t\t<\/div>\n\n<hr \/>\n<p>Le Jardin Majorelle est plus qu&rsquo;un simple jardin &#8211; c&rsquo;est une \u0153uvre d&rsquo;art vivante qui raconte une histoire riche en couleurs et en \u00e9motions. Que vous soyez un amateur de botanique, d&rsquo;art ou simplement \u00e0 la recherche d&rsquo;un endroit paisible pour vous ressourcer, le Jardin Majorelle est une destination incontournable \u00e0 Marrakech.<\/p>\n","protected":false},"excerpt":{"rendered":"<p>Loin de l&rsquo;agitation des souks et des ruelles exotiques de Marrakech, le Jardin Majorelle offre un cadre surprenant et rafra\u00eechissant. Situ\u00e9 dans le quartier de Gu\u00e9liz, \u00e0 proximit\u00e9 de la &hellip;<\/p>\n","protected":false},"author":1,"featured_media":378,"comment_status":"closed","ping_status":"closed","sticky":false,"template":"","format":"standard","meta":{"_exactmetrics_skip_tracking":false,"_exactmetrics_sitenote_active":false,"_exactmetrics_sitenote_note":"","_exactmetrics_sitenote_category":0,"footnotes":""},"categories":[7],"tags":[],"class_list":["post-377","post","type-post","status-publish","format-standard","has-post-thumbnail","hentry","category-monuments-historiques"],"yoast_head":"<!-- This site is optimized with the Yoast SEO plugin v27.3 - https:\/\/yoast.com\/product\/yoast-seo-wordpress\/ -->\n<title>Le Jardin Majorelle : Une \u0152uvre d&#039;Art Horticole \u00e0 Marrakech - Guide de voyage Marrakech Maroc<\/title>\n<meta name=\"description\" content=\"Loin de l&#039;agitation des souks et des ruelles exotiques de Marrakech, le Jardin Majorelle offre un cadre surprenant et rafra\u00eechissant. Situ\u00e9 dans le\" \/>\n<meta name=\"robots\" content=\"index, follow, max-snippet:-1, max-image-preview:large, max-video-preview:-1\" \/>\n<link rel=\"canonical\" href=\"https:\/\/www.locmarrakech.com\/tourisme\/le-jardin-majorelle-une-oeuvre-dart-horticole-a-marrakech.htm\" \/>\n<meta property=\"og:locale\" content=\"fr_FR\" \/>\n<meta property=\"og:type\" content=\"article\" \/>\n<meta property=\"og:title\" content=\"Le Jardin Majorelle : Une \u0152uvre d&#039;Art Horticole \u00e0 Marrakech - Guide de voyage Marrakech Maroc\" \/>\n<meta property=\"og:description\" content=\"Loin de l&#039;agitation des souks et des ruelles exotiques de Marrakech, le Jardin Majorelle offre un cadre surprenant et rafra\u00eechissant. Situ\u00e9 dans le\" \/>\n<meta property=\"og:url\" content=\"https:\/\/www.locmarrakech.com\/tourisme\/le-jardin-majorelle-une-oeuvre-dart-horticole-a-marrakech.htm\" \/>\n<meta property=\"og:site_name\" content=\"Guide de voyage Marrakech Maroc\" \/>\n<meta property=\"article:published_time\" content=\"2024-06-30T23:32:44+00:00\" \/>\n<meta property=\"article:modified_time\" content=\"2026-02-15T20:53:17+00:00\" \/>\n<meta property=\"og:image\" content=\"https:\/\/www.locmarrakech.com\/tourisme\/wp-content\/uploads\/2024\/07\/Le-Jardin-Majorelle.jpg\" \/>\n\t<meta property=\"og:image:width\" content=\"770\" \/>\n\t<meta property=\"og:image:height\" content=\"462\" \/>\n\t<meta property=\"og:image:type\" content=\"image\/jpeg\" \/>\n<meta name=\"author\" content=\"Locmarrakech\" \/>\n<meta name=\"twitter:card\" content=\"summary_large_image\" \/>\n<meta name=\"twitter:label1\" content=\"\u00c9crit par\" \/>\n\t<meta name=\"twitter:data1\" content=\"Locmarrakech\" \/>\n\t<meta name=\"twitter:label2\" content=\"Dur\u00e9e de lecture estim\u00e9e\" \/>\n\t<meta name=\"twitter:data2\" content=\"4 minutes\" \/>\n<script type=\"application\/ld+json\" class=\"yoast-schema-graph\">{\"@context\":\"https:\\\/\\\/schema.org\",\"@graph\":[{\"@type\":\"Article\",\"@id\":\"https:\\\/\\\/www.locmarrakech.com\\\/tourisme\\\/le-jardin-majorelle-une-oeuvre-dart-horticole-a-marrakech.htm#article\",\"isPartOf\":{\"@id\":\"https:\\\/\\\/www.locmarrakech.com\\\/tourisme\\\/le-jardin-majorelle-une-oeuvre-dart-horticole-a-marrakech.htm\"},\"author\":{\"name\":\"Locmarrakech\",\"@id\":\"https:\\\/\\\/www.locmarrakech.com\\\/tourisme\\\/#\\\/schema\\\/person\\\/310fa3e1dfb4bf5ef5cad92b187fe69a\"},\"headline\":\"Le Jardin Majorelle : Une \u0152uvre d&rsquo;Art Horticole \u00e0 Marrakech\",\"datePublished\":\"2024-06-30T23:32:44+00:00\",\"dateModified\":\"2026-02-15T20:53:17+00:00\",\"mainEntityOfPage\":{\"@id\":\"https:\\\/\\\/www.locmarrakech.com\\\/tourisme\\\/le-jardin-majorelle-une-oeuvre-dart-horticole-a-marrakech.htm\"},\"wordCount\":608,\"publisher\":{\"@id\":\"https:\\\/\\\/www.locmarrakech.com\\\/tourisme\\\/#\\\/schema\\\/person\\\/310fa3e1dfb4bf5ef5cad92b187fe69a\"},\"image\":{\"@id\":\"https:\\\/\\\/www.locmarrakech.com\\\/tourisme\\\/le-jardin-majorelle-une-oeuvre-dart-horticole-a-marrakech.htm#primaryimage\"},\"thumbnailUrl\":\"https:\\\/\\\/www.locmarrakech.com\\\/tourisme\\\/wp-content\\\/uploads\\\/2024\\\/07\\\/Le-Jardin-Majorelle.jpg\",\"articleSection\":[\"Monuments Historiques Marrakech\"],\"inLanguage\":\"fr-FR\"},{\"@type\":\"WebPage\",\"@id\":\"https:\\\/\\\/www.locmarrakech.com\\\/tourisme\\\/le-jardin-majorelle-une-oeuvre-dart-horticole-a-marrakech.htm\",\"url\":\"https:\\\/\\\/www.locmarrakech.com\\\/tourisme\\\/le-jardin-majorelle-une-oeuvre-dart-horticole-a-marrakech.htm\",\"name\":\"Le Jardin Majorelle : Une \u0152uvre d'Art Horticole \u00e0 Marrakech - Guide de voyage Marrakech Maroc\",\"isPartOf\":{\"@id\":\"https:\\\/\\\/www.locmarrakech.com\\\/tourisme\\\/#website\"},\"primaryImageOfPage\":{\"@id\":\"https:\\\/\\\/www.locmarrakech.com\\\/tourisme\\\/le-jardin-majorelle-une-oeuvre-dart-horticole-a-marrakech.htm#primaryimage\"},\"image\":{\"@id\":\"https:\\\/\\\/www.locmarrakech.com\\\/tourisme\\\/le-jardin-majorelle-une-oeuvre-dart-horticole-a-marrakech.htm#primaryimage\"},\"thumbnailUrl\":\"https:\\\/\\\/www.locmarrakech.com\\\/tourisme\\\/wp-content\\\/uploads\\\/2024\\\/07\\\/Le-Jardin-Majorelle.jpg\",\"datePublished\":\"2024-06-30T23:32:44+00:00\",\"dateModified\":\"2026-02-15T20:53:17+00:00\",\"description\":\"Loin de l'agitation des souks et des ruelles exotiques de Marrakech, le Jardin Majorelle offre un cadre surprenant et rafra\u00eechissant. Situ\u00e9 dans le\",\"breadcrumb\":{\"@id\":\"https:\\\/\\\/www.locmarrakech.com\\\/tourisme\\\/le-jardin-majorelle-une-oeuvre-dart-horticole-a-marrakech.htm#breadcrumb\"},\"inLanguage\":\"fr-FR\",\"potentialAction\":[{\"@type\":\"ReadAction\",\"target\":[\"https:\\\/\\\/www.locmarrakech.com\\\/tourisme\\\/le-jardin-majorelle-une-oeuvre-dart-horticole-a-marrakech.htm\"]}]},{\"@type\":\"ImageObject\",\"inLanguage\":\"fr-FR\",\"@id\":\"https:\\\/\\\/www.locmarrakech.com\\\/tourisme\\\/le-jardin-majorelle-une-oeuvre-dart-horticole-a-marrakech.htm#primaryimage\",\"url\":\"https:\\\/\\\/www.locmarrakech.com\\\/tourisme\\\/wp-content\\\/uploads\\\/2024\\\/07\\\/Le-Jardin-Majorelle.jpg\",\"contentUrl\":\"https:\\\/\\\/www.locmarrakech.com\\\/tourisme\\\/wp-content\\\/uploads\\\/2024\\\/07\\\/Le-Jardin-Majorelle.jpg\",\"width\":770,\"height\":462},{\"@type\":\"BreadcrumbList\",\"@id\":\"https:\\\/\\\/www.locmarrakech.com\\\/tourisme\\\/le-jardin-majorelle-une-oeuvre-dart-horticole-a-marrakech.htm#breadcrumb\",\"itemListElement\":[{\"@type\":\"ListItem\",\"position\":1,\"name\":\"Guide de Voyage\",\"item\":\"https:\\\/\\\/www.locmarrakech.com\\\/tourisme\"},{\"@type\":\"ListItem\",\"position\":2,\"name\":\"Le Jardin Majorelle : Une \u0152uvre d&rsquo;Art Horticole \u00e0 Marrakech\"}]},{\"@type\":\"WebSite\",\"@id\":\"https:\\\/\\\/www.locmarrakech.com\\\/tourisme\\\/#website\",\"url\":\"https:\\\/\\\/www.locmarrakech.com\\\/tourisme\\\/\",\"name\":\"Guide de voyage Marrakech Maroc\",\"description\":\"\",\"publisher\":{\"@id\":\"https:\\\/\\\/www.locmarrakech.com\\\/tourisme\\\/#\\\/schema\\\/person\\\/310fa3e1dfb4bf5ef5cad92b187fe69a\"},\"potentialAction\":[{\"@type\":\"SearchAction\",\"target\":{\"@type\":\"EntryPoint\",\"urlTemplate\":\"https:\\\/\\\/www.locmarrakech.com\\\/tourisme\\\/?s={search_term_string}\"},\"query-input\":{\"@type\":\"PropertyValueSpecification\",\"valueRequired\":true,\"valueName\":\"search_term_string\"}}],\"inLanguage\":\"fr-FR\"},{\"@type\":[\"Person\",\"Organization\"],\"@id\":\"https:\\\/\\\/www.locmarrakech.com\\\/tourisme\\\/#\\\/schema\\\/person\\\/310fa3e1dfb4bf5ef5cad92b187fe69a\",\"name\":\"Locmarrakech\",\"image\":{\"@type\":\"ImageObject\",\"inLanguage\":\"fr-FR\",\"@id\":\"https:\\\/\\\/secure.gravatar.com\\\/avatar\\\/96b99b76e6185dcf2873385cc672f2ac932dc32e6def1ccdff93fc230d65485d?s=96&d=mm&r=g\",\"url\":\"https:\\\/\\\/secure.gravatar.com\\\/avatar\\\/96b99b76e6185dcf2873385cc672f2ac932dc32e6def1ccdff93fc230d65485d?s=96&d=mm&r=g\",\"contentUrl\":\"https:\\\/\\\/secure.gravatar.com\\\/avatar\\\/96b99b76e6185dcf2873385cc672f2ac932dc32e6def1ccdff93fc230d65485d?s=96&d=mm&r=g\",\"caption\":\"Locmarrakech\"},\"logo\":{\"@id\":\"https:\\\/\\\/secure.gravatar.com\\\/avatar\\\/96b99b76e6185dcf2873385cc672f2ac932dc32e6def1ccdff93fc230d65485d?s=96&d=mm&r=g\"},\"url\":\"https:\\\/\\\/www.locmarrakech.com\\\/tourisme\\\/author\\\/dadenriri\"}]}<\/script>\n<!-- \/ Yoast SEO plugin. -->","yoast_head_json":{"title":"Le Jardin Majorelle : Une \u0152uvre d'Art Horticole \u00e0 Marrakech - Guide de voyage Marrakech Maroc","description":"Loin de l'agitation des souks et des ruelles exotiques de Marrakech, le Jardin Majorelle offre un cadre surprenant et rafra\u00eechissant. Situ\u00e9 dans le","robots":{"index":"index","follow":"follow","max-snippet":"max-snippet:-1","max-image-preview":"max-image-preview:large","max-video-preview":"max-video-preview:-1"},"canonical":"https:\/\/www.locmarrakech.com\/tourisme\/le-jardin-majorelle-une-oeuvre-dart-horticole-a-marrakech.htm","og_locale":"fr_FR","og_type":"article","og_title":"Le Jardin Majorelle : Une \u0152uvre d'Art Horticole \u00e0 Marrakech - Guide de voyage Marrakech Maroc","og_description":"Loin de l'agitation des souks et des ruelles exotiques de Marrakech, le Jardin Majorelle offre un cadre surprenant et rafra\u00eechissant. Situ\u00e9 dans le","og_url":"https:\/\/www.locmarrakech.com\/tourisme\/le-jardin-majorelle-une-oeuvre-dart-horticole-a-marrakech.htm","og_site_name":"Guide de voyage Marrakech Maroc","article_published_time":"2024-06-30T23:32:44+00:00","article_modified_time":"2026-02-15T20:53:17+00:00","og_image":[{"width":770,"height":462,"url":"https:\/\/www.locmarrakech.com\/tourisme\/wp-content\/uploads\/2024\/07\/Le-Jardin-Majorelle.jpg","type":"image\/jpeg"}],"author":"Locmarrakech","twitter_card":"summary_large_image","twitter_misc":{"\u00c9crit par":"Locmarrakech","Dur\u00e9e de lecture estim\u00e9e":"4 minutes"},"schema":{"@context":"https:\/\/schema.org","@graph":[{"@type":"Article","@id":"https:\/\/www.locmarrakech.com\/tourisme\/le-jardin-majorelle-une-oeuvre-dart-horticole-a-marrakech.htm#article","isPartOf":{"@id":"https:\/\/www.locmarrakech.com\/tourisme\/le-jardin-majorelle-une-oeuvre-dart-horticole-a-marrakech.htm"},"author":{"name":"Locmarrakech","@id":"https:\/\/www.locmarrakech.com\/tourisme\/#\/schema\/person\/310fa3e1dfb4bf5ef5cad92b187fe69a"},"headline":"Le Jardin Majorelle : Une \u0152uvre d&rsquo;Art Horticole \u00e0 Marrakech","datePublished":"2024-06-30T23:32:44+00:00","dateModified":"2026-02-15T20:53:17+00:00","mainEntityOfPage":{"@id":"https:\/\/www.locmarrakech.com\/tourisme\/le-jardin-majorelle-une-oeuvre-dart-horticole-a-marrakech.htm"},"wordCount":608,"publisher":{"@id":"https:\/\/www.locmarrakech.com\/tourisme\/#\/schema\/person\/310fa3e1dfb4bf5ef5cad92b187fe69a"},"image":{"@id":"https:\/\/www.locmarrakech.com\/tourisme\/le-jardin-majorelle-une-oeuvre-dart-horticole-a-marrakech.htm#primaryimage"},"thumbnailUrl":"https:\/\/www.locmarrakech.com\/tourisme\/wp-content\/uploads\/2024\/07\/Le-Jardin-Majorelle.jpg","articleSection":["Monuments Historiques Marrakech"],"inLanguage":"fr-FR"},{"@type":"WebPage","@id":"https:\/\/www.locmarrakech.com\/tourisme\/le-jardin-majorelle-une-oeuvre-dart-horticole-a-marrakech.htm","url":"https:\/\/www.locmarrakech.com\/tourisme\/le-jardin-majorelle-une-oeuvre-dart-horticole-a-marrakech.htm","name":"Le Jardin Majorelle : Une \u0152uvre d'Art Horticole \u00e0 Marrakech - Guide de voyage Marrakech Maroc","isPartOf":{"@id":"https:\/\/www.locmarrakech.com\/tourisme\/#website"},"primaryImageOfPage":{"@id":"https:\/\/www.locmarrakech.com\/tourisme\/le-jardin-majorelle-une-oeuvre-dart-horticole-a-marrakech.htm#primaryimage"},"image":{"@id":"https:\/\/www.locmarrakech.com\/tourisme\/le-jardin-majorelle-une-oeuvre-dart-horticole-a-marrakech.htm#primaryimage"},"thumbnailUrl":"https:\/\/www.locmarrakech.com\/tourisme\/wp-content\/uploads\/2024\/07\/Le-Jardin-Majorelle.jpg","datePublished":"2024-06-30T23:32:44+00:00","dateModified":"2026-02-15T20:53:17+00:00","description":"Loin de l'agitation des souks et des ruelles exotiques de Marrakech, le Jardin Majorelle offre un cadre surprenant et rafra\u00eechissant. Situ\u00e9 dans le","breadcrumb":{"@id":"https:\/\/www.locmarrakech.com\/tourisme\/le-jardin-majorelle-une-oeuvre-dart-horticole-a-marrakech.htm#breadcrumb"},"inLanguage":"fr-FR","potentialAction":[{"@type":"ReadAction","target":["https:\/\/www.locmarrakech.com\/tourisme\/le-jardin-majorelle-une-oeuvre-dart-horticole-a-marrakech.htm"]}]},{"@type":"ImageObject","inLanguage":"fr-FR","@id":"https:\/\/www.locmarrakech.com\/tourisme\/le-jardin-majorelle-une-oeuvre-dart-horticole-a-marrakech.htm#primaryimage","url":"https:\/\/www.locmarrakech.com\/tourisme\/wp-content\/uploads\/2024\/07\/Le-Jardin-Majorelle.jpg","contentUrl":"https:\/\/www.locmarrakech.com\/tourisme\/wp-content\/uploads\/2024\/07\/Le-Jardin-Majorelle.jpg","width":770,"height":462},{"@type":"BreadcrumbList","@id":"https:\/\/www.locmarrakech.com\/tourisme\/le-jardin-majorelle-une-oeuvre-dart-horticole-a-marrakech.htm#breadcrumb","itemListElement":[{"@type":"ListItem","position":1,"name":"Guide de Voyage","item":"https:\/\/www.locmarrakech.com\/tourisme"},{"@type":"ListItem","position":2,"name":"Le Jardin Majorelle : Une \u0152uvre d&rsquo;Art Horticole \u00e0 Marrakech"}]},{"@type":"WebSite","@id":"https:\/\/www.locmarrakech.com\/tourisme\/#website","url":"https:\/\/www.locmarrakech.com\/tourisme\/","name":"Guide de voyage Marrakech Maroc","description":"","publisher":{"@id":"https:\/\/www.locmarrakech.com\/tourisme\/#\/schema\/person\/310fa3e1dfb4bf5ef5cad92b187fe69a"},"potentialAction":[{"@type":"SearchAction","target":{"@type":"EntryPoint","urlTemplate":"https:\/\/www.locmarrakech.com\/tourisme\/?s={search_term_string}"},"query-input":{"@type":"PropertyValueSpecification","valueRequired":true,"valueName":"search_term_string"}}],"inLanguage":"fr-FR"},{"@type":["Person","Organization"],"@id":"https:\/\/www.locmarrakech.com\/tourisme\/#\/schema\/person\/310fa3e1dfb4bf5ef5cad92b187fe69a","name":"Locmarrakech","image":{"@type":"ImageObject","inLanguage":"fr-FR","@id":"https:\/\/secure.gravatar.com\/avatar\/96b99b76e6185dcf2873385cc672f2ac932dc32e6def1ccdff93fc230d65485d?s=96&d=mm&r=g","url":"https:\/\/secure.gravatar.com\/avatar\/96b99b76e6185dcf2873385cc672f2ac932dc32e6def1ccdff93fc230d65485d?s=96&d=mm&r=g","contentUrl":"https:\/\/secure.gravatar.com\/avatar\/96b99b76e6185dcf2873385cc672f2ac932dc32e6def1ccdff93fc230d65485d?s=96&d=mm&r=g","caption":"Locmarrakech"},"logo":{"@id":"https:\/\/secure.gravatar.com\/avatar\/96b99b76e6185dcf2873385cc672f2ac932dc32e6def1ccdff93fc230d65485d?s=96&d=mm&r=g"},"url":"https:\/\/www.locmarrakech.com\/tourisme\/author\/dadenriri"}]}},"_links":{"self":[{"href":"https:\/\/www.locmarrakech.com\/tourisme\/wp-json\/wp\/v2\/posts\/377","targetHints":{"allow":["GET"]}}],"collection":[{"href":"https:\/\/www.locmarrakech.com\/tourisme\/wp-json\/wp\/v2\/posts"}],"about":[{"href":"https:\/\/www.locmarrakech.com\/tourisme\/wp-json\/wp\/v2\/types\/post"}],"author":[{"embeddable":true,"href":"https:\/\/www.locmarrakech.com\/tourisme\/wp-json\/wp\/v2\/users\/1"}],"replies":[{"embeddable":true,"href":"https:\/\/www.locmarrakech.com\/tourisme\/wp-json\/wp\/v2\/comments?post=377"}],"version-history":[{"count":3,"href":"https:\/\/www.locmarrakech.com\/tourisme\/wp-json\/wp\/v2\/posts\/377\/revisions"}],"predecessor-version":[{"id":385,"href":"https:\/\/www.locmarrakech.com\/tourisme\/wp-json\/wp\/v2\/posts\/377\/revisions\/385"}],"wp:featuredmedia":[{"embeddable":true,"href":"https:\/\/www.locmarrakech.com\/tourisme\/wp-json\/wp\/v2\/media\/378"}],"wp:attachment":[{"href":"https:\/\/www.locmarrakech.com\/tourisme\/wp-json\/wp\/v2\/media?parent=377"}],"wp:term":[{"taxonomy":"category","embeddable":true,"href":"https:\/\/www.locmarrakech.com\/tourisme\/wp-json\/wp\/v2\/categories?post=377"},{"taxonomy":"post_tag","embeddable":true,"href":"https:\/\/www.locmarrakech.com\/tourisme\/wp-json\/wp\/v2\/tags?post=377"}],"curies":[{"name":"wp","href":"https:\/\/api.w.org\/{rel}","templated":true}]}}